{"id":1413,"date":"2026-01-12T11:41:00","date_gmt":"2026-01-12T10:41:00","guid":{"rendered":"https:\/\/oasiodv.it\/?p=1413"},"modified":"2026-01-15T12:08:43","modified_gmt":"2026-01-15T11:08:43","slug":"oasi-interviene-al-consiglio-regionale-della-calabria","status":"publish","type":"post","link":"https:\/\/oasiodv.it\/?p=1413","title":{"rendered":"OASI interviene al Consiglio Regionale della Calabria"},"content":{"rendered":"\n<p>Dopo 10 anni di vicissitudini burocratiche, oggi viene inaugurato il Villaggio della Solidariet\u00e0 una struttura di accoglienza di propriet\u00e0 del Comune di Rosarno che offre ospitalit\u00e0 a 90 migranti. Il Prefetto Clara Vaccaro interviene alla cerimonia di apertura alla presenza dell\u2019Amministrazione di Rosarno guidata dal Sindaco Pasquale Cutr\u00ec che consegna la gestione della struttura all\u2019organizzazione di Volontariato OASI ODV.<\/p>\n\n\n\n<div class=\"wp-block-stackable-columns stk-block-columns stk-block stk-097053c\" data-block-id=\"097053c\"><div class=\"stk-row stk-inner-blocks stk-block-content stk-content-align stk-097053c-column\">\n<div class=\"wp-block-stackable-column stk-block-column stk-column stk-block stk-0da5c20\" data-v=\"4\" data-block-id=\"0da5c20\"><style>@media screen and (min-width:690px){.stk-0da5c20 {flex:var(--stk-flex-grow, 1) 1 calc(50% - var(--stk-column-gap, 0px) * 1 \/ 2 ) !important;}}<\/style><div class=\"stk-column-wrapper stk-block-column__content stk-container stk-0da5c20-container stk--no-background stk--no-padding\"><div class=\"stk-block-content stk-inner-blocks stk-0da5c20-inner-blocks\">\n<figure class=\"wp-block-image size-full\"><img loading=\"lazy\" decoding=\"async\" width=\"607\" height=\"455\" src=\"https:\/\/oasiodv.it\/wp-content\/uploads\/2026\/01\/image-6.png\" alt=\"\" class=\"wp-image-1415\" srcset=\"https:\/\/oasiodv.it\/wp-content\/uploads\/2026\/01\/image-6.png 607w, https:\/\/oasiodv.it\/wp-content\/uploads\/2026\/01\/image-6-300x225.png 300w\" sizes=\"auto, (max-width: 607px) 100vw, 607px\" \/><\/figure>\n<\/div><\/div><\/div>\n\n\n\n<div class=\"wp-block-stackable-column stk-block-column stk-column stk-block stk-ab0d505\" data-v=\"4\" data-block-id=\"ab0d505\"><style>@media screen and (min-width:690px){.stk-ab0d505 {flex:var(--stk-flex-grow, 1) 1 calc(50% - var(--stk-column-gap, 0px) * 1 \/ 2 ) !important;}}<\/style><div class=\"stk-column-wrapper stk-block-column__content stk-container stk-ab0d505-container stk--no-background stk--no-padding\"><div class=\"stk-block-content stk-inner-blocks stk-ab0d505-inner-blocks\">\n<figure class=\"wp-block-image size-full\"><img loading=\"lazy\" decoding=\"async\" width=\"613\" height=\"459\" src=\"https:\/\/oasiodv.it\/wp-content\/uploads\/2026\/01\/image-7.png\" alt=\"\" class=\"wp-image-1416\" srcset=\"https:\/\/oasiodv.it\/wp-content\/uploads\/2026\/01\/image-7.png 613w, https:\/\/oasiodv.it\/wp-content\/uploads\/2026\/01\/image-7-300x225.png 300w\" sizes=\"auto, (max-width: 613px) 100vw, 613px\" \/><\/figure>\n<\/div><\/div><\/div>\n<\/div><\/div>\n","protected":false},"excerpt":{"rendered":"<p>Dopo 10 anni di vicissitudini burocratiche, oggi viene inaugurato il Villaggio della Solidariet\u00e0 una struttura di accoglienza di propriet\u00e0 del Comune di Rosarno che offre ospitalit\u00e0 a 90 migranti. Il Prefetto Clara Vaccaro interviene alla cerimonia di apertura alla presenza dell\u2019Amministrazione di Rosarno guidata dal Sindaco Pasquale Cutr\u00ec che consegna la gestione della struttura all\u2019organizzazione [&hellip;]<\/p>\n","protected":false},"author":1,"featured_media":1415,"comment_status":"closed","ping_status":"closed","sticky":false,"template":"","format":"standard","meta":{"footnotes":""},"categories":[13],"tags":[],"class_list":["post-1413","post","type-post","status-publish","format-standard","has-post-thumbnail","hentry","category-news"],"blocksy_meta":{"styles_descriptor":{"styles":{"desktop":"","tablet":"","mobile":""},"google_fonts":[],"version":6}},"rttpg_featured_image_url":{"full":["https:\/\/oasiodv.it\/wp-content\/uploads\/2026\/01\/image-6.png",607,455,false],"landscape":["https:\/\/oasiodv.it\/wp-content\/uploads\/2026\/01\/image-6.png",607,455,false],"portraits":["https:\/\/oasiodv.it\/wp-content\/uploads\/2026\/01\/image-6.png",607,455,false],"thumbnail":["https:\/\/oasiodv.it\/wp-content\/uploads\/2026\/01\/image-6-150x150.png",150,150,true],"medium":["https:\/\/oasiodv.it\/wp-content\/uploads\/2026\/01\/image-6-300x225.png",300,225,true],"large":["https:\/\/oasiodv.it\/wp-content\/uploads\/2026\/01\/image-6.png",607,455,false],"1536x1536":["https:\/\/oasiodv.it\/wp-content\/uploads\/2026\/01\/image-6.png",607,455,false],"2048x2048":["https:\/\/oasiodv.it\/wp-content\/uploads\/2026\/01\/image-6.png",607,455,false]},"rttpg_author":{"display_name":"admin","author_link":"https:\/\/oasiodv.it\/?author=1"},"rttpg_comment":0,"rttpg_category":"<a href=\"https:\/\/oasiodv.it\/?cat=13\" rel=\"category\">News<\/a>","rttpg_excerpt":"Dopo 10 anni di vicissitudini burocratiche, oggi viene inaugurato il Villaggio della Solidariet\u00e0 una struttura di accoglienza di propriet\u00e0 del Comune di Rosarno che offre ospitalit\u00e0 a 90 migranti. Il Prefetto Clara Vaccaro interviene alla cerimonia di apertura alla presenza dell\u2019Amministrazione di Rosarno guidata dal Sindaco Pasquale Cutr\u00ec che consegna la gestione della struttura all\u2019organizzazione&hellip;","_links":{"self":[{"href":"https:\/\/oasiodv.it\/index.php?rest_route=\/wp\/v2\/posts\/1413","targetHints":{"allow":["GET"]}}],"collection":[{"href":"https:\/\/oasiodv.it\/index.php?rest_route=\/wp\/v2\/posts"}],"about":[{"href":"https:\/\/oasiodv.it\/index.php?rest_route=\/wp\/v2\/types\/post"}],"author":[{"embeddable":true,"href":"https:\/\/oasiodv.it\/index.php?rest_route=\/wp\/v2\/users\/1"}],"replies":[{"embeddable":true,"href":"https:\/\/oasiodv.it\/index.php?rest_route=%2Fwp%2Fv2%2Fcomments&post=1413"}],"version-history":[{"count":2,"href":"https:\/\/oasiodv.it\/index.php?rest_route=\/wp\/v2\/posts\/1413\/revisions"}],"predecessor-version":[{"id":1417,"href":"https:\/\/oasiodv.it\/index.php?rest_route=\/wp\/v2\/posts\/1413\/revisions\/1417"}],"wp:featuredmedia":[{"embeddable":true,"href":"https:\/\/oasiodv.it\/index.php?rest_route=\/wp\/v2\/media\/1415"}],"wp:attachment":[{"href":"https:\/\/oasiodv.it\/index.php?rest_route=%2Fwp%2Fv2%2Fmedia&parent=1413"}],"wp:term":[{"taxonomy":"category","embeddable":true,"href":"https:\/\/oasiodv.it\/index.php?rest_route=%2Fwp%2Fv2%2Fcategories&post=1413"},{"taxonomy":"post_tag","embeddable":true,"href":"https:\/\/oasiodv.it\/index.php?rest_route=%2Fwp%2Fv2%2Ftags&post=1413"}],"curies":[{"name":"wp","href":"https:\/\/api.w.org\/{rel}","templated":true}]}}